{"id":89,"date":"2017-10-21T21:29:30","date_gmt":"2017-10-21T21:29:30","guid":{"rendered":"http:\/\/www.juand.net\/blog\/?p=89"},"modified":"2021-03-02T20:06:03","modified_gmt":"2021-03-02T20:06:03","slug":"sesion-de-fotos-para-ninos-con-harvey","status":"publish","type":"post","link":"http:\/\/www.juand.net\/blog\/2017\/10\/21\/sesion-de-fotos-para-ninos-con-harvey\/","title":{"rendered":"Sesi\u00f3n de fotos para ni\u00f1os con Harvey"},"content":{"rendered":"<p>\u00bfQuer\u00e9is tener un bonito recuerdo de los m\u00e1s peque\u00f1os de la casa? Animaros a&nbsp; hacer una <strong>sesi\u00f3n de fotos para ni\u00f1os <\/strong>o <strong>en familia<\/strong>.&nbsp;<\/p>\n<p>En esta ocasi\u00f3n nos fuimos con Harvey y sus papas a un parque para poder hacerle un <strong>reportaje fotogr\u00e1fico<\/strong>. Las <strong>sesiones en exteriores con ni\u00f1os<\/strong> nos permiten elegir diferentes escenarios para las fotos. Son sesiones m\u00e1s distendidas en las que los ni\u00f1os pueden ser fotografiados mientras juegan.<\/p>\n<p>Podemos cambiar de vestuario a los peques e incluir elementos para la sesi\u00f3n. Gorritos, gafas, juguetes etc.&nbsp;<\/p>\n<p>Harvey sali\u00f3 guap\u00edsimo. Los padres ya tienen fotos optimizadas para enviar a la familia y de alta resoluci\u00f3n para poder imprimir p\u00f3sters.<\/p>\n<p>Si quer\u00e9is ver m\u00e1s fotograf\u00edas, visitad el apartado de<a href=\"https:\/\/www.juand.net\/ninos-y-familia\/\"> ni\u00f1os<\/a> de la web.<\/p>\n<figure id=\"attachment_90\" aria-describedby=\"caption-attachment-90\" style=\"width: 840px\" class=\"wp-caption alignnone\"><img loading=\"lazy\" decoding=\"async\" class=\"wp-image-90 size-large\" src=\"http:\/\/www.juand.net\/blog\/wp-content\/uploads\/2017\/11\/fotografia-de-familia-barcelona-Harvey-1024x683.jpg\" alt=\"\" width=\"840\" height=\"560\" srcset=\"http:\/\/www.juand.net\/blog\/wp-content\/uploads\/2017\/11\/fotografia-de-familia-barcelona-Harvey.jpg 1024w, http:\/\/www.juand.net\/blog\/wp-content\/uploads\/2017\/11\/fotografia-de-familia-barcelona-Harvey-300x200.jpg 300w, http:\/\/www.juand.net\/blog\/wp-content\/uploads\/2017\/11\/fotografia-de-familia-barcelona-Harvey-768x512.jpg 768w\" sizes=\"auto, (max-width: 709px) 85vw, (max-width: 909px) 67vw, (max-width: 1362px) 62vw, 840px\" \/><figcaption id=\"caption-attachment-90\" class=\"wp-caption-text\">Fotograf\u00eda de ni\u00f1os en parque<\/figcaption><\/figure>\n<figure id=\"attachment_91\" aria-describedby=\"caption-attachment-91\" style=\"width: 600px\" class=\"wp-caption alignnone\"><img loading=\"lazy\" decoding=\"async\" class=\"wp-image-91\" src=\"http:\/\/www.juand.net\/blog\/wp-content\/uploads\/2017\/11\/fotografia-de-ninos-barcelona-Harvey.jpg\" alt=\"\" width=\"600\" height=\"141\" srcset=\"http:\/\/www.juand.net\/blog\/wp-content\/uploads\/2017\/11\/fotografia-de-ninos-barcelona-Harvey.jpg 850w, http:\/\/www.juand.net\/blog\/wp-content\/uploads\/2017\/11\/fotografia-de-ninos-barcelona-Harvey-300x71.jpg 300w, http:\/\/www.juand.net\/blog\/wp-content\/uploads\/2017\/11\/fotografia-de-ninos-barcelona-Harvey-768x181.jpg 768w\" sizes=\"auto, (max-width: 709px) 85vw, (max-width: 909px) 67vw, (max-width: 984px) 61vw, (max-width: 1362px) 45vw, 600px\" \/><figcaption id=\"caption-attachment-91\" class=\"wp-caption-text\">Reportaje fotogr\u00e1fico de ni\u00f1os en exteriores<\/figcaption><\/figure>\n","protected":false},"excerpt":{"rendered":"<p>\u00bfQuer\u00e9is tener un bonito recuerdo de los m\u00e1s peque\u00f1os de la casa? Animaros a&nbsp; hacer una sesi\u00f3n de fotos para ni\u00f1os o en familia.&nbsp; En esta ocasi\u00f3n nos fuimos con Harvey y sus papas a un parque para poder hacerle un reportaje fotogr\u00e1fico. Las sesiones en exteriores con ni\u00f1os nos permiten elegir diferentes escenarios para &hellip; <a href=\"http:\/\/www.juand.net\/blog\/2017\/10\/21\/sesion-de-fotos-para-ninos-con-harvey\/\" class=\"more-link\">Continuar leyendo<span class=\"screen-reader-text\"> \u00abSesi\u00f3n de fotos para ni\u00f1os con Harvey\u00bb<\/span><\/a><\/p>\n","protected":false},"author":1,"featured_media":0,"comment_status":"open","ping_status":"open","sticky":false,"template":"","format":"standard","meta":{"ngg_post_thumbnail":0,"footnotes":""},"categories":[24],"tags":[29,25,27,26,28],"class_list":["post-89","post","type-post","status-publish","format-standard","hentry","category-ninos","tag-familia","tag-ninos","tag-parque","tag-sesion-de-fotos","tag-sesion-en-exteriores"],"_links":{"self":[{"href":"http:\/\/www.juand.net\/blog\/wp-json\/wp\/v2\/posts\/89","targetHints":{"allow":["GET"]}}],"collection":[{"href":"http:\/\/www.juand.net\/blog\/wp-json\/wp\/v2\/posts"}],"about":[{"href":"http:\/\/www.juand.net\/blog\/wp-json\/wp\/v2\/types\/post"}],"author":[{"embeddable":true,"href":"http:\/\/www.juand.net\/blog\/wp-json\/wp\/v2\/users\/1"}],"replies":[{"embeddable":true,"href":"http:\/\/www.juand.net\/blog\/wp-json\/wp\/v2\/comments?post=89"}],"version-history":[{"count":5,"href":"http:\/\/www.juand.net\/blog\/wp-json\/wp\/v2\/posts\/89\/revisions"}],"predecessor-version":[{"id":173,"href":"http:\/\/www.juand.net\/blog\/wp-json\/wp\/v2\/posts\/89\/revisions\/173"}],"wp:attachment":[{"href":"http:\/\/www.juand.net\/blog\/wp-json\/wp\/v2\/media?parent=89"}],"wp:term":[{"taxonomy":"category","embeddable":true,"href":"http:\/\/www.juand.net\/blog\/wp-json\/wp\/v2\/categories?post=89"},{"taxonomy":"post_tag","embeddable":true,"href":"http:\/\/www.juand.net\/blog\/wp-json\/wp\/v2\/tags?post=89"}],"curies":[{"name":"wp","href":"https:\/\/api.w.org\/{rel}","templated":true}]}}