{"id":84,"date":"2017-10-04T23:56:12","date_gmt":"2017-10-04T23:56:12","guid":{"rendered":"http:\/\/www.juand.net\/blog\/?p=84"},"modified":"2017-10-04T23:56:12","modified_gmt":"2017-10-04T23:56:12","slug":"reportaje-fotografico-del-concierto-de-united-vibrations-en-las-fiestas-de-la-merce","status":"publish","type":"post","link":"http:\/\/www.juand.net\/blog\/2017\/10\/04\/reportaje-fotografico-del-concierto-de-united-vibrations-en-las-fiestas-de-la-merce\/","title":{"rendered":"Reportaje fotogr\u00e1fico del concierto de United Vibrations en las Fiestas de la Merce"},"content":{"rendered":"<p>Con motivo de las Fiestas de la Merce de Barcelona, el grupo Londinense United Vibrations realiz\u00f3 un fant\u00e1stico concierto en la Pla\u00e7a dels Angels.<\/p>\n<p>United Vibrations son un grupo formado por los hermanos Yussef Dayes, Ahmad, Kareem y su inseparable amigo Wayne Francis. Su m\u00fasica ha sido catalogado como&nbsp;afropunk o afrobeat o&nbsp;spiritual jazz, pero dejan claro que lejos de cualquier etiqueta su m\u00fasica tiene estilo propio<\/p>\n<p>JuanD Photography estuvo cubriendo el evento realizando un completo <strong>reportaje fotogr\u00e1fico<\/strong> de todo el <strong>concierto<\/strong>. Intentando captar la energ\u00eda de los m\u00fasicos y su p\u00fablico. Fotograf\u00edas captadas desde el escenario, entre el p\u00fablico, planos abiertos y cercanos para conseguir vivir el concierto gracias a las im\u00e1genes.<\/p>\n<p>A continuaci\u00f3n algunas im\u00e1genes del espect\u00e1culo a trav\u00e9s del ojo de un <strong>fot\u00f3grafo de conciertos<\/strong>.<\/p>\n<p>Para m\u00e1s informaci\u00f3n sobre este grupo:&nbsp;<a href=\"http:\/\/www.unitedvibrations.co.uk\/\" target=\"_blank\" rel=\"noopener\" data-saferedirecturl=\"https:\/\/www.google.com\/url?hl=es&amp;q=http:\/\/www.unitedvibrations.co.uk&amp;source=gmail&amp;ust=1507246629524000&amp;usg=AFQjCNHMuOlNM4KPJ9-bZ9nfGBE8n4vY0g\">www.unitedvibrations.<wbr>co.uk<\/a><\/p>\n<p>Si quer\u00e9is ver m\u00e1s im\u00e1genes del concierto de United Vibrations, click <a href=\"http:\/\/www.juand.net\/concierto-united-vibrations\/\">aqu\u00ed<\/a><\/p>\n<figure id=\"attachment_86\" aria-describedby=\"caption-attachment-86\" style=\"width: 840px\" class=\"wp-caption alignnone\"><img loading=\"lazy\" decoding=\"async\" class=\"wp-image-86 size-large\" src=\"http:\/\/www.juand.net\/blog\/wp-content\/uploads\/2017\/10\/Fotografo-de-conciertos-JuanDnet-Photography-United-Vibrations-1-1024x683.jpg\" alt=\"\" width=\"840\" height=\"560\" srcset=\"http:\/\/www.juand.net\/blog\/wp-content\/uploads\/2017\/10\/Fotografo-de-conciertos-JuanDnet-Photography-United-Vibrations-1-1024x683.jpg 1024w, http:\/\/www.juand.net\/blog\/wp-content\/uploads\/2017\/10\/Fotografo-de-conciertos-JuanDnet-Photography-United-Vibrations-1-300x200.jpg 300w, http:\/\/www.juand.net\/blog\/wp-content\/uploads\/2017\/10\/Fotografo-de-conciertos-JuanDnet-Photography-United-Vibrations-1-768x512.jpg 768w, http:\/\/www.juand.net\/blog\/wp-content\/uploads\/2017\/10\/Fotografo-de-conciertos-JuanDnet-Photography-United-Vibrations-1-1200x800.jpg 1200w\" sizes=\"auto, (max-width: 709px) 85vw, (max-width: 909px) 67vw, (max-width: 1362px) 62vw, 840px\" \/><figcaption id=\"caption-attachment-86\" class=\"wp-caption-text\">Fotograf\u00edas del concierto de United Vibrations en Barcelona<\/figcaption><\/figure>\n","protected":false},"excerpt":{"rendered":"<p>Con motivo de las Fiestas de la Merce de Barcelona, el grupo Londinense United Vibrations realiz\u00f3 un fant\u00e1stico concierto en la Pla\u00e7a dels Angels. United Vibrations son un grupo formado por los hermanos Yussef Dayes, Ahmad, Kareem y su inseparable amigo Wayne Francis. Su m\u00fasica ha sido catalogado como&nbsp;afropunk o afrobeat o&nbsp;spiritual jazz, pero dejan &hellip; <a href=\"http:\/\/www.juand.net\/blog\/2017\/10\/04\/reportaje-fotografico-del-concierto-de-united-vibrations-en-las-fiestas-de-la-merce\/\" class=\"more-link\">Continuar leyendo<span class=\"screen-reader-text\"> \u00abReportaje fotogr\u00e1fico del concierto de United Vibrations en las Fiestas de la Merce\u00bb<\/span><\/a><\/p>\n","protected":false},"author":1,"featured_media":0,"comment_status":"open","ping_status":"open","sticky":false,"template":"","format":"standard","meta":{"ngg_post_thumbnail":0,"footnotes":""},"categories":[20],"tags":[9,21,23,22],"class_list":["post-84","post","type-post","status-publish","format-standard","hentry","category-conciertos","tag-barcelona","tag-concierto","tag-fotografo","tag-reportaje-fotografico"],"_links":{"self":[{"href":"http:\/\/www.juand.net\/blog\/wp-json\/wp\/v2\/posts\/84","targetHints":{"allow":["GET"]}}],"collection":[{"href":"http:\/\/www.juand.net\/blog\/wp-json\/wp\/v2\/posts"}],"about":[{"href":"http:\/\/www.juand.net\/blog\/wp-json\/wp\/v2\/types\/post"}],"author":[{"embeddable":true,"href":"http:\/\/www.juand.net\/blog\/wp-json\/wp\/v2\/users\/1"}],"replies":[{"embeddable":true,"href":"http:\/\/www.juand.net\/blog\/wp-json\/wp\/v2\/comments?post=84"}],"version-history":[{"count":1,"href":"http:\/\/www.juand.net\/blog\/wp-json\/wp\/v2\/posts\/84\/revisions"}],"predecessor-version":[{"id":87,"href":"http:\/\/www.juand.net\/blog\/wp-json\/wp\/v2\/posts\/84\/revisions\/87"}],"wp:attachment":[{"href":"http:\/\/www.juand.net\/blog\/wp-json\/wp\/v2\/media?parent=84"}],"wp:term":[{"taxonomy":"category","embeddable":true,"href":"http:\/\/www.juand.net\/blog\/wp-json\/wp\/v2\/categories?post=84"},{"taxonomy":"post_tag","embeddable":true,"href":"http:\/\/www.juand.net\/blog\/wp-json\/wp\/v2\/tags?post=84"}],"curies":[{"name":"wp","href":"https:\/\/api.w.org\/{rel}","templated":true}]}}