{"id":174,"date":"2019-03-31T22:10:00","date_gmt":"2019-03-31T22:10:00","guid":{"rendered":"http:\/\/www.juand.net\/blog\/?p=174"},"modified":"2021-03-04T22:18:42","modified_gmt":"2021-03-04T22:18:42","slug":"reportaje-fotografico-de-moda-con-almabandida","status":"publish","type":"post","link":"http:\/\/www.juand.net\/blog\/2019\/03\/31\/reportaje-fotografico-de-moda-con-almabandida\/","title":{"rendered":"Reportaje fotogr\u00e1fico de moda con Almabandida"},"content":{"rendered":"\n<p>\u00bfTienes un negocio o tienda online?, \u00bfnecesitas mejorar tu imagen y la de tu producto para llegar a m\u00e1s gente? Si la respuesta a estas preguntas es \u00abS\u00ed\u00bb. Sigue leyendo. <\/p>\n\n\n\n<p>Es muy habitual replantearse ciertos aspectos de nuestro negocio e intentar mejorarlos. Uno de ellos, ser\u00eda la im\u00e1gen del mismo y de aquello que vendes. Una sesi\u00f3n de fotos profesional puede marcar una gran diferencia en la forma en la que te perciben tus potenciales clientes.<\/p>\n\n\n\n<p>Almabandida decidi\u00f3 impulsar su marca mediante sesiones de fotos que realzar\u00e1n su producto: unas bonitas y pr\u00e1cticas cartucheras hechas a mano.<\/p>\n\n\n\n<p><img loading=\"lazy\" decoding=\"async\" width=\"800\" height=\"534\" class=\"wp-image-180\" style=\"width: 800px;\" src=\"http:\/\/www.juand.net\/blog\/wp-content\/uploads\/2021\/03\/Fotografia-de-moda-y-producto-Barcelona-13.jpg\" alt=\"\" srcset=\"http:\/\/www.juand.net\/blog\/wp-content\/uploads\/2021\/03\/Fotografia-de-moda-y-producto-Barcelona-13.jpg 1024w, http:\/\/www.juand.net\/blog\/wp-content\/uploads\/2021\/03\/Fotografia-de-moda-y-producto-Barcelona-13-300x200.jpg 300w, http:\/\/www.juand.net\/blog\/wp-content\/uploads\/2021\/03\/Fotografia-de-moda-y-producto-Barcelona-13-768x513.jpg 768w\" sizes=\"auto, (max-width: 709px) 85vw, (max-width: 909px) 67vw, (max-width: 984px) 61vw, (max-width: 1362px) 45vw, 600px\" \/><br><br>\u00bfTienes un presupuesto ajustado? <br>Podemos organizar la sesi\u00f3n a tu medida. <a href=\"https:\/\/www.juand.net\/contactar\/\">Preg\u00fantame<\/a>.<br>En este tipo de sesiones intentamos realizar muchas fotos de tus productos en diferentes escenarios para disponer de gran variedad para promocionar tu marca. Para ello previamente habremos hablado sobre alguna localizaci\u00f3n que te interese y que nos ofrezca diferente lugares acordes a lo que vendes. De esta forma podemos condensar en una tarde o ma\u00f1ana un completo reportaje fotogr\u00e1fico de tus colecciones.<br><br>Mira los resultados que obtuvimos con Almabandida. Si te gustan, <a href=\"https:\/\/www.juand.net\/contactar\/\">p\u00eddeme informaci\u00f3n.<\/a><\/p>\n\n\n\n<p> <\/p>\n\n\n\nngg_shortcode_0_placeholder\n","protected":false},"excerpt":{"rendered":"<p>\u00bfTienes un negocio o tienda online?, \u00bfnecesitas mejorar tu imagen y la de tu producto para llegar a m\u00e1s gente? Si la respuesta a estas preguntas es \u00abS\u00ed\u00bb. Sigue leyendo. Es muy habitual replantearse ciertos aspectos de nuestro negocio e intentar mejorarlos. Uno de ellos, ser\u00eda la im\u00e1gen del mismo y de aquello que vendes. &hellip; <a href=\"http:\/\/www.juand.net\/blog\/2019\/03\/31\/reportaje-fotografico-de-moda-con-almabandida\/\" class=\"more-link\">Continuar leyendo<span class=\"screen-reader-text\"> \u00abReportaje fotogr\u00e1fico de moda con Almabandida\u00bb<\/span><\/a><\/p>\n","protected":false},"author":1,"featured_media":0,"comment_status":"open","ping_status":"open","sticky":false,"template":"","format":"standard","meta":{"ngg_post_thumbnail":0,"footnotes":""},"categories":[15],"tags":[10,8],"class_list":["post-174","post","type-post","status-publish","format-standard","hentry","category-moda","tag-fotografo-de-moda","tag-moda"],"_links":{"self":[{"href":"http:\/\/www.juand.net\/blog\/wp-json\/wp\/v2\/posts\/174","targetHints":{"allow":["GET"]}}],"collection":[{"href":"http:\/\/www.juand.net\/blog\/wp-json\/wp\/v2\/posts"}],"about":[{"href":"http:\/\/www.juand.net\/blog\/wp-json\/wp\/v2\/types\/post"}],"author":[{"embeddable":true,"href":"http:\/\/www.juand.net\/blog\/wp-json\/wp\/v2\/users\/1"}],"replies":[{"embeddable":true,"href":"http:\/\/www.juand.net\/blog\/wp-json\/wp\/v2\/comments?post=174"}],"version-history":[{"count":6,"href":"http:\/\/www.juand.net\/blog\/wp-json\/wp\/v2\/posts\/174\/revisions"}],"predecessor-version":[{"id":203,"href":"http:\/\/www.juand.net\/blog\/wp-json\/wp\/v2\/posts\/174\/revisions\/203"}],"wp:attachment":[{"href":"http:\/\/www.juand.net\/blog\/wp-json\/wp\/v2\/media?parent=174"}],"wp:term":[{"taxonomy":"category","embeddable":true,"href":"http:\/\/www.juand.net\/blog\/wp-json\/wp\/v2\/categories?post=174"},{"taxonomy":"post_tag","embeddable":true,"href":"http:\/\/www.juand.net\/blog\/wp-json\/wp\/v2\/tags?post=174"}],"curies":[{"name":"wp","href":"https:\/\/api.w.org\/{rel}","templated":true}]}}