{"id":159,"date":"2021-01-11T20:29:22","date_gmt":"2021-01-11T20:29:22","guid":{"rendered":"http:\/\/www.juand.net\/blog\/?p=159"},"modified":"2021-03-02T20:02:03","modified_gmt":"2021-03-02T20:02:03","slug":"yoga-y-maternidad","status":"publish","type":"post","link":"http:\/\/www.juand.net\/blog\/2021\/01\/11\/yoga-y-maternidad\/","title":{"rendered":"Yoga y Maternidad"},"content":{"rendered":"\n<p>\u00bfQui\u00e9n ha dicho que no se puede hacer yoga durante el embarazo? Es posible y adem\u00e1s saludable. Aqu\u00ed ten\u00e9is la prueba. Wanda profesora de yoga y futura mam\u00e1 quer\u00eda tener un recuerdo de su embarazo y una muestra para sus futuras alumnas. <\/p>\n\n\n\n<p>Despu\u00e9s de hablar con Wanda, organizamos una sesi\u00f3n de embarazo diferente. Fu\u00edmos a un centro de yoga para disponer de un lugar acorde y que favoreciera las fotograf\u00edas. Una vez all\u00ed le recomend\u00e9 diversos espacios que con la iluminaci\u00f3n adecuada dar\u00edan bonitos resultados. Para algunas fotograf\u00edas, aprovechamos la iluminaci\u00f3n natural y para otras, incorporamos luz con flashes. Como pod\u00e9is ver, Wanda puso su todo arte y su t\u00e9cnica.<\/p>\n\n\n\n<p>El resultado final, una bonita y variada sesi\u00f3n de embarazo y yoga en Barcelona. Y un precioso recuerdo para toda la familia.<\/p>\n\n\n\n<figure class=\"wp-block-image\"><img loading=\"lazy\" decoding=\"async\" width=\"1024\" height=\"684\" src=\"http:\/\/www.juand.net\/blog\/wp-content\/uploads\/2021\/03\/20201220-Wanda-0165-E-1024x684.jpg\" alt=\"\" class=\"wp-image-167\" srcset=\"http:\/\/www.juand.net\/blog\/wp-content\/uploads\/2021\/03\/20201220-Wanda-0165-E.jpg 1024w, http:\/\/www.juand.net\/blog\/wp-content\/uploads\/2021\/03\/20201220-Wanda-0165-E-300x200.jpg 300w, http:\/\/www.juand.net\/blog\/wp-content\/uploads\/2021\/03\/20201220-Wanda-0165-E-768x513.jpg 768w\" sizes=\"auto, (max-width: 709px) 85vw, (max-width: 909px) 67vw, (max-width: 1362px) 62vw, 840px\" \/><figcaption>Sesi\u00f3n de fotos de Yoga y Embarazo en Barcelona<\/figcaption><\/figure>\n\n\n\n<p>M\u00e1s sesiones fotogr\u00e1ficas de embarazo <a href=\"https:\/\/www.juand.net\/embarazo-y-maternidad\/\">aqu\u00ed<\/a>.<\/p>\n\n\n\n<p><a href=\"https:\/\/www.juand.net\/contactar\/\">Contacta conmigo<\/a> y p\u00eddeme informaci\u00f3n sin compromiso<\/p>\n\n\n\nngg_shortcode_0_placeholder\n","protected":false},"excerpt":{"rendered":"<p>\u00bfQui\u00e9n ha dicho que no se puede hacer yoga durante el embarazo? Es posible y adem\u00e1s saludable. Aqu\u00ed ten\u00e9is la prueba. Wanda profesora de yoga y futura mam\u00e1 quer\u00eda tener un recuerdo de su embarazo y una muestra para sus futuras alumnas. Despu\u00e9s de hablar con Wanda, organizamos una sesi\u00f3n de embarazo diferente. Fu\u00edmos a &hellip; <a href=\"http:\/\/www.juand.net\/blog\/2021\/01\/11\/yoga-y-maternidad\/\" class=\"more-link\">Continuar leyendo<span class=\"screen-reader-text\"> \u00abYoga y Maternidad\u00bb<\/span><\/a><\/p>\n","protected":false},"author":1,"featured_media":0,"comment_status":"open","ping_status":"open","sticky":false,"template":"","format":"standard","meta":{"ngg_post_thumbnail":0,"footnotes":""},"categories":[57],"tags":[9,53,55,56,26,54],"class_list":["post-159","post","type-post","status-publish","format-standard","hentry","category-embarazo","tag-barcelona","tag-embarazada","tag-embarazo","tag-profesoradeyoga","tag-sesion-de-fotos","tag-yoga"],"_links":{"self":[{"href":"http:\/\/www.juand.net\/blog\/wp-json\/wp\/v2\/posts\/159","targetHints":{"allow":["GET"]}}],"collection":[{"href":"http:\/\/www.juand.net\/blog\/wp-json\/wp\/v2\/posts"}],"about":[{"href":"http:\/\/www.juand.net\/blog\/wp-json\/wp\/v2\/types\/post"}],"author":[{"embeddable":true,"href":"http:\/\/www.juand.net\/blog\/wp-json\/wp\/v2\/users\/1"}],"replies":[{"embeddable":true,"href":"http:\/\/www.juand.net\/blog\/wp-json\/wp\/v2\/comments?post=159"}],"version-history":[{"count":5,"href":"http:\/\/www.juand.net\/blog\/wp-json\/wp\/v2\/posts\/159\/revisions"}],"predecessor-version":[{"id":171,"href":"http:\/\/www.juand.net\/blog\/wp-json\/wp\/v2\/posts\/159\/revisions\/171"}],"wp:attachment":[{"href":"http:\/\/www.juand.net\/blog\/wp-json\/wp\/v2\/media?parent=159"}],"wp:term":[{"taxonomy":"category","embeddable":true,"href":"http:\/\/www.juand.net\/blog\/wp-json\/wp\/v2\/categories?post=159"},{"taxonomy":"post_tag","embeddable":true,"href":"http:\/\/www.juand.net\/blog\/wp-json\/wp\/v2\/tags?post=159"}],"curies":[{"name":"wp","href":"https:\/\/api.w.org\/{rel}","templated":true}]}}