{"id":129,"date":"2018-11-06T22:36:00","date_gmt":"2018-11-06T22:36:00","guid":{"rendered":"http:\/\/www.juand.net\/blog\/?p=129"},"modified":"2018-11-06T22:36:00","modified_gmt":"2018-11-06T22:36:00","slug":"reportaje-de-boda-en-can-mercader-cornella-barcelona-mireia-y-francesc","status":"publish","type":"post","link":"http:\/\/www.juand.net\/blog\/2018\/11\/06\/reportaje-de-boda-en-can-mercader-cornella-barcelona-mireia-y-francesc\/","title":{"rendered":"Reportaje de Boda en Can Mercader (Cornell\u00e0, Barcelona)  | Mireia y Francesc"},"content":{"rendered":"<p>JuanD Photography estuvo en la boda de Mireia y Francesc como sus <strong>fot\u00f3grafos de boda<\/strong>. Una encantadora pareja que celebr\u00f3 su ceremonia en el Palau de Can Mercader. Un edificio situado en un gran parque en la localidad de Cornell\u00e0, Barcelona.&nbsp;<\/p>\n<figure id=\"attachment_141\" aria-describedby=\"caption-attachment-141\" style=\"width: 840px\" class=\"wp-caption alignnone\"><img loading=\"lazy\" decoding=\"async\" class=\"wp-image-141 size-large\" src=\"http:\/\/www.juand.net\/blog\/wp-content\/uploads\/2018\/11\/20180915-MireiaFrancesc-0714-Ec-1-1024x684.jpg\" alt=\"Ceremonia de Boda en Can Mercader. Cornell\u00e0 Barcelona\" width=\"840\" height=\"561\" srcset=\"http:\/\/www.juand.net\/blog\/wp-content\/uploads\/2018\/11\/20180915-MireiaFrancesc-0714-Ec-1.jpg 1024w, http:\/\/www.juand.net\/blog\/wp-content\/uploads\/2018\/11\/20180915-MireiaFrancesc-0714-Ec-1-300x200.jpg 300w, http:\/\/www.juand.net\/blog\/wp-content\/uploads\/2018\/11\/20180915-MireiaFrancesc-0714-Ec-1-768x513.jpg 768w\" sizes=\"auto, (max-width: 709px) 85vw, (max-width: 909px) 67vw, (max-width: 1362px) 62vw, 840px\" \/><figcaption id=\"caption-attachment-141\" class=\"wp-caption-text\">Ceremonia de Boda en Can Mercader. Cornell\u00e0 Barcelona<\/figcaption><\/figure>\n<p>Una vez finalizada la <strong>ceremonia<\/strong>&nbsp;realizamos un bonito&nbsp;<strong>reportaje de boda<\/strong>&nbsp;en diversas localizaciones del parque de Can Mercader. Los reci\u00e9n casados siempre guiados por nuestro equipo fueron posando y aprovecharon este momento para relajarse antes despu\u00e9s de tantas emociones.<\/p>\n<p><img loading=\"lazy\" decoding=\"async\" class=\"alignnone wp-image-137 size-large\" src=\"http:\/\/www.juand.net\/blog\/wp-content\/uploads\/2018\/11\/20180915-MireiaFrancesc-0550-E2-1-1024x684.jpg\" alt=\"\" width=\"840\" height=\"561\" srcset=\"http:\/\/www.juand.net\/blog\/wp-content\/uploads\/2018\/11\/20180915-MireiaFrancesc-0550-E2-1.jpg 1024w, http:\/\/www.juand.net\/blog\/wp-content\/uploads\/2018\/11\/20180915-MireiaFrancesc-0550-E2-1-300x200.jpg 300w, http:\/\/www.juand.net\/blog\/wp-content\/uploads\/2018\/11\/20180915-MireiaFrancesc-0550-E2-1-768x513.jpg 768w\" sizes=\"auto, (max-width: 709px) 85vw, (max-width: 909px) 67vw, (max-width: 1362px) 62vw, 840px\" \/>&nbsp;<\/p>\n<figure id=\"attachment_134\" aria-describedby=\"caption-attachment-134\" style=\"width: 840px\" class=\"wp-caption alignnone\"><img loading=\"lazy\" decoding=\"async\" class=\"wp-image-134 size-large\" src=\"http:\/\/www.juand.net\/blog\/wp-content\/uploads\/2018\/11\/20180915-MireiaFrancesc-0714-Eb-900x1024.jpg\" alt=\"Reportaje de Boda en Can Mercader. Cornell\u00e0 Barcelona\" width=\"840\" height=\"956\" srcset=\"http:\/\/www.juand.net\/blog\/wp-content\/uploads\/2018\/11\/20180915-MireiaFrancesc-0714-Eb-900x1024.jpg 900w, http:\/\/www.juand.net\/blog\/wp-content\/uploads\/2018\/11\/20180915-MireiaFrancesc-0714-Eb-264x300.jpg 264w, http:\/\/www.juand.net\/blog\/wp-content\/uploads\/2018\/11\/20180915-MireiaFrancesc-0714-Eb-768x874.jpg 768w, http:\/\/www.juand.net\/blog\/wp-content\/uploads\/2018\/11\/20180915-MireiaFrancesc-0714-Eb.jpg 1024w\" sizes=\"auto, (max-width: 709px) 85vw, (max-width: 909px) 67vw, (max-width: 1362px) 62vw, 840px\" \/><figcaption id=\"caption-attachment-134\" class=\"wp-caption-text\">Reportaje de Boda en Can Mercader. Cornell\u00e0 Barcelona<\/figcaption><\/figure>\n<p>Posteriormente nos desplazamos al restaurante Els Cuatre Vents donde cubrimos el&nbsp;<strong>banquete<\/strong>&nbsp; y el <strong>primer baile<\/strong> de esta pareja.<\/p>\n<figure id=\"attachment_142\" aria-describedby=\"caption-attachment-142\" style=\"width: 840px\" class=\"wp-caption alignnone\"><img loading=\"lazy\" decoding=\"async\" class=\"size-large wp-image-142\" src=\"http:\/\/www.juand.net\/blog\/wp-content\/uploads\/2018\/11\/20180915-MireiaFrancesc-1458-E-1-1024x684.jpg\" alt=\"Reportaje de Boda. Primer Baile-Restaurant Els cuatre vents\" width=\"840\" height=\"561\" srcset=\"http:\/\/www.juand.net\/blog\/wp-content\/uploads\/2018\/11\/20180915-MireiaFrancesc-1458-E-1.jpg 1024w, http:\/\/www.juand.net\/blog\/wp-content\/uploads\/2018\/11\/20180915-MireiaFrancesc-1458-E-1-300x200.jpg 300w, http:\/\/www.juand.net\/blog\/wp-content\/uploads\/2018\/11\/20180915-MireiaFrancesc-1458-E-1-768x513.jpg 768w\" sizes=\"auto, (max-width: 709px) 85vw, (max-width: 909px) 67vw, (max-width: 1362px) 62vw, 840px\" \/><figcaption id=\"caption-attachment-142\" class=\"wp-caption-text\">Reportaje de Boda. Primer Baile-Restaurant Els cuatre vents<\/figcaption><\/figure>\n<p>Si quer\u00e9is ver m\u00e1s <strong>fotograf\u00edas de bodas<\/strong> pod\u00e9is el apartados social&nbsp; |Bodas de la web o hacer click en este enlace: <a href=\"https:\/\/www.juand.net\/bodas\/\">Fot\u00f3grafo de bodas<\/a><\/p>\n","protected":false},"excerpt":{"rendered":"<p>JuanD Photography estuvo en la boda de Mireia y Francesc como sus fot\u00f3grafos de boda. Una encantadora pareja que celebr\u00f3 su ceremonia en el Palau de Can Mercader. Un edificio situado en un gran parque en la localidad de Cornell\u00e0, Barcelona.&nbsp; Una vez finalizada la ceremonia&nbsp;realizamos un bonito&nbsp;reportaje de boda&nbsp;en diversas localizaciones del parque de &hellip; <a href=\"http:\/\/www.juand.net\/blog\/2018\/11\/06\/reportaje-de-boda-en-can-mercader-cornella-barcelona-mireia-y-francesc\/\" class=\"more-link\">Continuar leyendo<span class=\"screen-reader-text\"> \u00abReportaje de Boda en Can Mercader (Cornell\u00e0, Barcelona)  | Mireia y Francesc\u00bb<\/span><\/a><\/p>\n","protected":false},"author":1,"featured_media":0,"comment_status":"open","ping_status":"open","sticky":false,"template":"","format":"standard","meta":{"ngg_post_thumbnail":0,"footnotes":""},"categories":[47],"tags":[9,48,51,50,49,52],"class_list":["post-129","post","type-post","status-publish","format-standard","hentry","category-bodas","tag-barcelona","tag-bodas","tag-can-mercader","tag-cornella","tag-novios","tag-reportaje"],"_links":{"self":[{"href":"http:\/\/www.juand.net\/blog\/wp-json\/wp\/v2\/posts\/129","targetHints":{"allow":["GET"]}}],"collection":[{"href":"http:\/\/www.juand.net\/blog\/wp-json\/wp\/v2\/posts"}],"about":[{"href":"http:\/\/www.juand.net\/blog\/wp-json\/wp\/v2\/types\/post"}],"author":[{"embeddable":true,"href":"http:\/\/www.juand.net\/blog\/wp-json\/wp\/v2\/users\/1"}],"replies":[{"embeddable":true,"href":"http:\/\/www.juand.net\/blog\/wp-json\/wp\/v2\/comments?post=129"}],"version-history":[{"count":1,"href":"http:\/\/www.juand.net\/blog\/wp-json\/wp\/v2\/posts\/129\/revisions"}],"predecessor-version":[{"id":145,"href":"http:\/\/www.juand.net\/blog\/wp-json\/wp\/v2\/posts\/129\/revisions\/145"}],"wp:attachment":[{"href":"http:\/\/www.juand.net\/blog\/wp-json\/wp\/v2\/media?parent=129"}],"wp:term":[{"taxonomy":"category","embeddable":true,"href":"http:\/\/www.juand.net\/blog\/wp-json\/wp\/v2\/categories?post=129"},{"taxonomy":"post_tag","embeddable":true,"href":"http:\/\/www.juand.net\/blog\/wp-json\/wp\/v2\/tags?post=129"}],"curies":[{"name":"wp","href":"https:\/\/api.w.org\/{rel}","templated":true}]}}