{"id":123,"date":"2018-10-29T21:39:53","date_gmt":"2018-10-29T21:39:53","guid":{"rendered":"http:\/\/www.juand.net\/blog\/?p=123"},"modified":"2018-10-29T21:40:28","modified_gmt":"2018-10-29T21:40:28","slug":"sesion-de-estudio-de-ballet-con-israel-y-katka","status":"publish","type":"post","link":"http:\/\/www.juand.net\/blog\/2018\/10\/29\/sesion-de-estudio-de-ballet-con-israel-y-katka\/","title":{"rendered":"Sesi\u00f3n de estudio de Ballet con Israel y Katka"},"content":{"rendered":"<p>Una nueva sesi\u00f3n de estudio con esta pareja de bailarines de ballet. Como muchos profesionales de la danza&nbsp; es necesario renovar el book para ofrecer una nueva imagen, m\u00e1s contenido en las redes y disponer de fotograf\u00edas nuevas para promoci\u00f3n.<\/p>\n<p><img loading=\"lazy\" decoding=\"async\" class=\"alignleft wp-image-124\" src=\"http:\/\/www.juand.net\/blog\/wp-content\/uploads\/2018\/10\/Fotografo-de-ballet-Barcelona-03-200x300.jpg\" alt=\"\" width=\"250\" height=\"375\" srcset=\"http:\/\/www.juand.net\/blog\/wp-content\/uploads\/2018\/10\/Fotografo-de-ballet-Barcelona-03-200x300.jpg 200w, http:\/\/www.juand.net\/blog\/wp-content\/uploads\/2018\/10\/Fotografo-de-ballet-Barcelona-03.jpg 683w\" sizes=\"auto, (max-width: 250px) 85vw, 250px\" \/><\/p>\n<p><img loading=\"lazy\" decoding=\"async\" class=\"alignright wp-image-125\" src=\"http:\/\/www.juand.net\/blog\/wp-content\/uploads\/2018\/10\/Fotografo-de-danza-clasica-Barcelona-02-200x300.jpg\" alt=\"\" width=\"250\" height=\"375\" srcset=\"http:\/\/www.juand.net\/blog\/wp-content\/uploads\/2018\/10\/Fotografo-de-danza-clasica-Barcelona-02-200x300.jpg 200w, http:\/\/www.juand.net\/blog\/wp-content\/uploads\/2018\/10\/Fotografo-de-danza-clasica-Barcelona-02.jpg 683w\" sizes=\"auto, (max-width: 250px) 85vw, 250px\" \/><\/p>\n<p>&nbsp;<\/p>\n<p>&nbsp;<\/p>\n<p>&nbsp;<\/p>\n<p>&nbsp;<\/p>\n<p>&nbsp;<\/p>\n<p>&nbsp;<\/p>\n<p>&nbsp;<\/p>\n<p>&nbsp;<\/p>\n<p>En este caso optamos por una sesi\u00f3n con un fondo y una iluminaci\u00f3n que transmiten elegancia, estilo cl\u00e1sico que se complementa con la frescura de las poses y la expresi\u00f3n de los bailarines.<\/p>\n<figure id=\"attachment_126\" aria-describedby=\"caption-attachment-126\" style=\"width: 683px\" class=\"wp-caption alignnone\"><img loading=\"lazy\" decoding=\"async\" class=\"wp-image-126 size-large\" src=\"http:\/\/www.juand.net\/blog\/wp-content\/uploads\/2018\/10\/Fotografo-de-danza-y-bailarines-Barcelona-01-683x1024.jpg\" alt=\"\" width=\"683\" height=\"1024\" srcset=\"http:\/\/www.juand.net\/blog\/wp-content\/uploads\/2018\/10\/Fotografo-de-danza-y-bailarines-Barcelona-01.jpg 683w, http:\/\/www.juand.net\/blog\/wp-content\/uploads\/2018\/10\/Fotografo-de-danza-y-bailarines-Barcelona-01-200x300.jpg 200w\" sizes=\"auto, (max-width: 709px) 85vw, (max-width: 909px) 67vw, (max-width: 984px) 61vw, (max-width: 1362px) 45vw, 600px\" \/><figcaption id=\"caption-attachment-126\" class=\"wp-caption-text\">Sesi\u00f3n en estudio con bailarines de Ballet en Barcelona<\/figcaption><\/figure>\n<p>Para m\u00e1s sesiones de Danza en estudio o exteriores puedes visitar este apartado de <a href=\"https:\/\/www.juand.net\/danza\/\">danza<\/a> de JuanD Photography<\/p>\n","protected":false},"excerpt":{"rendered":"<p>Una nueva sesi\u00f3n de estudio con esta pareja de bailarines de ballet. Como muchos profesionales de la danza&nbsp; es necesario renovar el book para ofrecer una nueva imagen, m\u00e1s contenido en las redes y disponer de fotograf\u00edas nuevas para promoci\u00f3n. &nbsp; &nbsp; &nbsp; &nbsp; &nbsp; &nbsp; &nbsp; &nbsp; En este caso optamos por una sesi\u00f3n &hellip; <a href=\"http:\/\/www.juand.net\/blog\/2018\/10\/29\/sesion-de-estudio-de-ballet-con-israel-y-katka\/\" class=\"more-link\">Continuar leyendo<span class=\"screen-reader-text\"> \u00abSesi\u00f3n de estudio de Ballet con Israel y Katka\u00bb<\/span><\/a><\/p>\n","protected":false},"author":1,"featured_media":0,"comment_status":"open","ping_status":"open","sticky":false,"template":"","format":"standard","meta":{"ngg_post_thumbnail":0,"footnotes":""},"categories":[30],"tags":[45,9,44,37,46,26],"class_list":["post-123","post","type-post","status-publish","format-standard","hentry","category-danza","tag-ballet","tag-barcelona","tag-danza","tag-estudio","tag-pareja","tag-sesion-de-fotos"],"_links":{"self":[{"href":"http:\/\/www.juand.net\/blog\/wp-json\/wp\/v2\/posts\/123","targetHints":{"allow":["GET"]}}],"collection":[{"href":"http:\/\/www.juand.net\/blog\/wp-json\/wp\/v2\/posts"}],"about":[{"href":"http:\/\/www.juand.net\/blog\/wp-json\/wp\/v2\/types\/post"}],"author":[{"embeddable":true,"href":"http:\/\/www.juand.net\/blog\/wp-json\/wp\/v2\/users\/1"}],"replies":[{"embeddable":true,"href":"http:\/\/www.juand.net\/blog\/wp-json\/wp\/v2\/comments?post=123"}],"version-history":[{"count":2,"href":"http:\/\/www.juand.net\/blog\/wp-json\/wp\/v2\/posts\/123\/revisions"}],"predecessor-version":[{"id":128,"href":"http:\/\/www.juand.net\/blog\/wp-json\/wp\/v2\/posts\/123\/revisions\/128"}],"wp:attachment":[{"href":"http:\/\/www.juand.net\/blog\/wp-json\/wp\/v2\/media?parent=123"}],"wp:term":[{"taxonomy":"category","embeddable":true,"href":"http:\/\/www.juand.net\/blog\/wp-json\/wp\/v2\/categories?post=123"},{"taxonomy":"post_tag","embeddable":true,"href":"http:\/\/www.juand.net\/blog\/wp-json\/wp\/v2\/tags?post=123"}],"curies":[{"name":"wp","href":"https:\/\/api.w.org\/{rel}","templated":true}]}}