{"id":118,"date":"2018-09-08T20:20:47","date_gmt":"2018-09-08T20:20:47","guid":{"rendered":"http:\/\/www.juand.net\/blog\/?p=118"},"modified":"2018-10-08T20:22:25","modified_gmt":"2018-10-08T20:22:25","slug":"book-fotografico-de-retrato-en-exteriores-con-isabella-gaudi","status":"publish","type":"post","link":"http:\/\/www.juand.net\/blog\/2018\/09\/08\/book-fotografico-de-retrato-en-exteriores-con-isabella-gaudi\/","title":{"rendered":"Book fotogr\u00e1fico de retrato en exteriores con Isabella Gaud\u00ed"},"content":{"rendered":"<p>Un nuevo <strong>book para cantantes<\/strong> en exteriores. Esta vez JuanD Photography pas\u00f3 la tarde con Isabella Gaud\u00ed, una soprano con una voz espectacular.<\/p>\n<p>Previa reuni\u00f3n decidimos realizar una <strong>sesi\u00f3n de retratos<\/strong> personal y profesional para sus web y redes. Apostamos por una sesi\u00f3n fresca y mediterr\u00e1nea. Por ello decidimos ubicarla en la playa, al atardecer.&nbsp;Tonos azules que contrastan con la piel y el dorado del sol.<\/p>\n<p><img loading=\"lazy\" decoding=\"async\" class=\"alignnone size-full wp-image-120\" src=\"http:\/\/www.juand.net\/blog\/wp-content\/uploads\/2018\/10\/JuanD_Photography-IsabellaGaudi-sesion-de-fotos-barcelona_r.jpg\" alt=\"\" width=\"600\" height=\"800\" srcset=\"http:\/\/www.juand.net\/blog\/wp-content\/uploads\/2018\/10\/JuanD_Photography-IsabellaGaudi-sesion-de-fotos-barcelona_r.jpg 600w, http:\/\/www.juand.net\/blog\/wp-content\/uploads\/2018\/10\/JuanD_Photography-IsabellaGaudi-sesion-de-fotos-barcelona_r-225x300.jpg 225w\" sizes=\"auto, (max-width: 709px) 85vw, (max-width: 909px) 67vw, (max-width: 984px) 61vw, (max-width: 1362px) 45vw, 600px\" \/><\/p>\n<p>Como en la mayor\u00eda de sesiones en exteriores aprovechamos para cambiar de localizaci\u00f3n y as\u00ed poder realizar m\u00e1s fotos con una luz diferente.<\/p>\n<p><img loading=\"lazy\" decoding=\"async\" class=\"alignnone size-full wp-image-119\" src=\"http:\/\/www.juand.net\/blog\/wp-content\/uploads\/2018\/10\/JuanD_Photography-IsabellaGaudi-book-cantante-barcelona_r.jpg\" alt=\"Sesi\u00f3n de fotos para cantante en exteriores\" width=\"600\" height=\"800\" srcset=\"http:\/\/www.juand.net\/blog\/wp-content\/uploads\/2018\/10\/JuanD_Photography-IsabellaGaudi-book-cantante-barcelona_r.jpg 600w, http:\/\/www.juand.net\/blog\/wp-content\/uploads\/2018\/10\/JuanD_Photography-IsabellaGaudi-book-cantante-barcelona_r-225x300.jpg 225w\" sizes=\"auto, (max-width: 709px) 85vw, (max-width: 909px) 67vw, (max-width: 984px) 61vw, (max-width: 1362px) 45vw, 600px\" \/><\/p>\n<p>Si quer\u00e9is ver m\u00e1s retratos pod\u00e9is hacer click&nbsp;<a href=\"https:\/\/www.juand.net\/retratos\/\">aqu\u00ed<\/a><br \/>\nSi prefer\u00eds ver otras aqu\u00ed ten\u00e9is las <a href=\"https:\/\/www.juand.net\/exteriores\/\">sesiones en exteriores<\/a><\/p>\n<p>Os dejo un enlace a la web de Isabella Gaud\u00ed para que la pod\u00e1is escucharla: <a href=\"http:\/\/www.isabellagaudi.com\">www.isabellagaudi.com<\/a><\/p>\n","protected":false},"excerpt":{"rendered":"<p>Un nuevo book para cantantes en exteriores. Esta vez JuanD Photography pas\u00f3 la tarde con Isabella Gaud\u00ed, una soprano con una voz espectacular. Previa reuni\u00f3n decidimos realizar una sesi\u00f3n de retratos personal y profesional para sus web y redes. Apostamos por una sesi\u00f3n fresca y mediterr\u00e1nea. Por ello decidimos ubicarla en la playa, al atardecer.&nbsp;Tonos &hellip; <a href=\"http:\/\/www.juand.net\/blog\/2018\/09\/08\/book-fotografico-de-retrato-en-exteriores-con-isabella-gaudi\/\" class=\"more-link\">Continuar leyendo<span class=\"screen-reader-text\"> \u00abBook fotogr\u00e1fico de retrato en exteriores con Isabella Gaud\u00ed\u00bb<\/span><\/a><\/p>\n","protected":false},"author":1,"featured_media":0,"comment_status":"open","ping_status":"open","sticky":false,"template":"","format":"standard","meta":{"ngg_post_thumbnail":0,"footnotes":""},"categories":[38],"tags":[9,39,43,41,42,26,28,40],"class_list":["post-118","post","type-post","status-publish","format-standard","hentry","category-book-fotografico","tag-barcelona","tag-book","tag-book-cantantes","tag-cantante","tag-playa","tag-sesion-de-fotos","tag-sesion-en-exteriores","tag-soprano"],"_links":{"self":[{"href":"http:\/\/www.juand.net\/blog\/wp-json\/wp\/v2\/posts\/118","targetHints":{"allow":["GET"]}}],"collection":[{"href":"http:\/\/www.juand.net\/blog\/wp-json\/wp\/v2\/posts"}],"about":[{"href":"http:\/\/www.juand.net\/blog\/wp-json\/wp\/v2\/types\/post"}],"author":[{"embeddable":true,"href":"http:\/\/www.juand.net\/blog\/wp-json\/wp\/v2\/users\/1"}],"replies":[{"embeddable":true,"href":"http:\/\/www.juand.net\/blog\/wp-json\/wp\/v2\/comments?post=118"}],"version-history":[{"count":1,"href":"http:\/\/www.juand.net\/blog\/wp-json\/wp\/v2\/posts\/118\/revisions"}],"predecessor-version":[{"id":121,"href":"http:\/\/www.juand.net\/blog\/wp-json\/wp\/v2\/posts\/118\/revisions\/121"}],"wp:attachment":[{"href":"http:\/\/www.juand.net\/blog\/wp-json\/wp\/v2\/media?parent=118"}],"wp:term":[{"taxonomy":"category","embeddable":true,"href":"http:\/\/www.juand.net\/blog\/wp-json\/wp\/v2\/categories?post=118"},{"taxonomy":"post_tag","embeddable":true,"href":"http:\/\/www.juand.net\/blog\/wp-json\/wp\/v2\/tags?post=118"}],"curies":[{"name":"wp","href":"https:\/\/api.w.org\/{rel}","templated":true}]}}